{"id":366,"date":"2023-04-07T11:56:07","date_gmt":"2023-04-07T11:56:07","guid":{"rendered":"https:\/\/www.millyharmonie.fr\/?p=366"},"modified":"2025-10-14T15:07:49","modified_gmt":"2025-10-14T15:07:49","slug":"recherche-chef-de-musique","status":"publish","type":"post","link":"https:\/\/www.millyharmonie.fr\/?p=366","title":{"rendered":"LE CHEF DE MUSIQUE"},"content":{"rendered":"\n<p class=\"has-extra-small-font-size\"><strong>L&rsquo;orchestre d&rsquo;Harmonie de Milly-la-For\u00eat<\/strong> (Essonne &#8211; 91) a vu se succ\u00e9der plusieurs<strong> chefs de musique<\/strong> dont le dernier (Roger Pelaz) a exerc\u00e9 16 ann\u00e9es et a quitt\u00e9 notre ensemble fin 2023.<\/p>\n\n\n\n<p class=\"has-extra-small-font-size\">L&rsquo;Harmonie de Milly-la-For\u00eat a \u00e9t\u00e9 cr\u00e9\u00e9e sous l&rsquo;\u00e9gide de la mairie qui la subventionne, en contrepartie de quoi, elle accompagne les comm\u00e9morations officielles de la commune et se produit par ailleurs dans 2 concerts annuels (f\u00eate de la musique et No\u00ebl) ainsi que lors de manifestations locales.<\/p>\n\n\n\n<p style=\"font-size:26px\"><strong>Les missions du Chef de Musique :<\/strong><\/p>\n\n\n\n<ul class=\"wp-block-list has-extra-small-font-size\">\n<li>Diriger un groupe de plusieurs musiciens de niveaux in\u00e9gaux,<\/li>\n\n\n\n<li>D\u00e9finir<em> (et \u00e9ventuellement adapter)<\/em> les programmes et partitions fonction des manifestations et des instruments disponibles dans l&rsquo;orchestre.<\/li>\n\n\n\n<li>Faire travailler les diff\u00e9rents pupitres de fa\u00e7on \u00e0 obtenir une r\u00e9p\u00e9tition g\u00e9n\u00e9rale la plus fluide possible.<\/li>\n\n\n\n<li>Transmettre aux musiciens les diff\u00e9rents programmes et copies des partitions \u00e0 \u00e9tudier <em>(\u00e9ventuellement transmission \u00e9galement de fichiers audios ou liens internet pour favoriser le travail personnel des musiciens)<\/em><\/li>\n<\/ul>\n\n\n\n<p class=\"has-extra-small-font-size\">Le Chef de Musique est membre d&rsquo;office du bureau et participe en tant que tel \u00e0 l&rsquo;Assembl\u00e9e G\u00e9n\u00e9rale annuelle qui se tient g\u00e9n\u00e9ralement en Janvier.<\/p>\n\n\n\n<p class=\"has-extra-small-font-size\">Il peut sugg\u00e9rer toute \u00e9volution \u00e0 apporter au sein de l&rsquo;Harmonie pour favoriser la qualit\u00e9 de son travail\/demander la r\u00e9union du bureau \u00e0 tout moment.<\/p>\n\n\n\n<p style=\"font-size:26px\"><strong>Musiciens et instruments :<\/strong><\/p>\n\n\n\n<p class=\"has-extra-small-font-size\">L&rsquo;Harmonie est compos\u00e9e d&rsquo;une vingtaine de musiciens amateurs adultes de niveaux diff\u00e9rents et de deux musiciens amateurs junior. <\/p>\n\n\n\n<p><strong>R\u00e9p\u00e9titions : <\/strong> (environ 37\/an)<\/p>\n\n\n\n<ul class=\"wp-block-list\">\n<li class=\"has-extra-small-font-size\"><strong>Tous les lundis<\/strong>: r\u00e9p\u00e9tition g\u00e9n\u00e9rale de 18h \u00e0 20h15 <\/li>\n\n\n\n<li class=\"has-extra-small-font-size\">R\u00e9p\u00e9titions sur d&rsquo;autres jours et  horaires en cas de n\u00e9cessit\u00e9.<\/li>\n\n\n\n<li class=\"has-extra-small-font-size\">Les r\u00e9p\u00e9titions suivent le calendrier scolaire<em>.<\/em><\/li>\n<\/ul>\n\n\n\n<p class=\"has-extra-small-font-size\">Pr\u00e9sence requise lors des <strong>manifestations<\/strong> auxquelles participe l&rsquo;orchestre d&rsquo;harmonie <em>(c\u00e9r\u00e9monies comm\u00e9moratives, f\u00eate de la musique, concerts, inaugurations, etc)<\/em>.<\/p>\n\n\n\n<p class=\"has-extra-small-font-size\"><\/p>\n\n\n\n<p class=\"has-large-font-size\"><strong>Lieu d&rsquo;exercice :<\/strong> <\/p>\n\n\n\n<p class=\"has-extra-small-font-size\">Milly-la-For\u00eat 91490 &#8211; commune de l&rsquo;Essonne de 4635 habitants, situ\u00e9e \u00e0 :<\/p>\n\n\n\n<p class=\"has-extra-small-font-size\">19kms de Fontainebleau ; 23kms de Melun ; 26kms d&rsquo;Etampes ; 30kms d&rsquo;Evry ; 60kms au sud de Paris<\/p>\n\n\n\n<p><\/p>\n","protected":false},"excerpt":{"rendered":"<p>L&rsquo;orchestre d&rsquo;Harmonie de Milly-la-For\u00eat (Essonne &#8211; 91) a vu se succ\u00e9der plusieurs chefs de musique dont le dernier (Roger Pelaz) a exerc\u00e9 16 ann\u00e9es et a quitt\u00e9 notre ensemble fin 2023. L&rsquo;Harmonie de Milly-la-For\u00eat a \u00e9t\u00e9 cr\u00e9\u00e9e sous l&rsquo;\u00e9gide de la mairie qui la subventionne, en contrepartie de quoi, elle accompagne les comm\u00e9morations officielles de&hellip; <a class=\"more-link\" href=\"https:\/\/www.millyharmonie.fr\/?p=366\">Poursuivre la lecture <span class=\"screen-reader-text\">LE CHEF DE MUSIQUE<\/span><\/a><\/p>\n","protected":false},"author":1,"featured_media":0,"comment_status":"closed","ping_status":"open","sticky":false,"template":"","format":"standard","meta":{"footnotes":""},"categories":[5],"tags":[],"class_list":["post-366","post","type-post","status-publish","format-standard","hentry","category-vie-de-lassociation","entry"],"_links":{"self":[{"href":"https:\/\/www.millyharmonie.fr\/index.php?rest_route=\/wp\/v2\/posts\/366","targetHints":{"allow":["GET"]}}],"collection":[{"href":"https:\/\/www.millyharmonie.fr\/index.php?rest_route=\/wp\/v2\/posts"}],"about":[{"href":"https:\/\/www.millyharmonie.fr\/index.php?rest_route=\/wp\/v2\/types\/post"}],"author":[{"embeddable":true,"href":"https:\/\/www.millyharmonie.fr\/index.php?rest_route=\/wp\/v2\/users\/1"}],"replies":[{"embeddable":true,"href":"https:\/\/www.millyharmonie.fr\/index.php?rest_route=%2Fwp%2Fv2%2Fcomments&post=366"}],"version-history":[{"count":9,"href":"https:\/\/www.millyharmonie.fr\/index.php?rest_route=\/wp\/v2\/posts\/366\/revisions"}],"predecessor-version":[{"id":620,"href":"https:\/\/www.millyharmonie.fr\/index.php?rest_route=\/wp\/v2\/posts\/366\/revisions\/620"}],"wp:attachment":[{"href":"https:\/\/www.millyharmonie.fr\/index.php?rest_route=%2Fwp%2Fv2%2Fmedia&parent=366"}],"wp:term":[{"taxonomy":"category","embeddable":true,"href":"https:\/\/www.millyharmonie.fr\/index.php?rest_route=%2Fwp%2Fv2%2Fcategories&post=366"},{"taxonomy":"post_tag","embeddable":true,"href":"https:\/\/www.millyharmonie.fr\/index.php?rest_route=%2Fwp%2Fv2%2Ftags&post=366"}],"curies":[{"name":"wp","href":"https:\/\/api.w.org\/{rel}","templated":true}]}}